{"id":19108,"date":"2022-08-24T11:10:41","date_gmt":"2022-08-24T08:10:41","guid":{"rendered":"https:\/\/lammasyhdistys.fi\/uncategorized\/villapaiva-narinkkatorilla-29-9\/"},"modified":"2022-09-21T11:44:33","modified_gmt":"2022-09-21T08:44:33","slug":"villapaiva-narinkkatorilla-29-9","status":"publish","type":"post","link":"https:\/\/lammasyhdistys.fi\/en\/uncategorized\/villapaiva-narinkkatorilla-29-9\/","title":{"rendered":"Villap\u00e4iv\u00e4 Narinkkatorilla 29.9."},"content":{"rendered":"<p>Suomen Lammasyhdistys ry ja Uudenmaan Lampurit ry j\u00e4rjest\u00e4v\u00e4t j\u00e4lleen Villaviikon (25.9.-2.10.2022) p\u00e4\u00e4tapahtuman sunnuntaina 25.9. klo 11-16 Narinkkatorilla Helsingiss\u00e4.<br \/>\nKaikki kotimaisen lampaanvillan kanssa toimijat ovat tervetulleita myym\u00e4\u00e4n tuotteitaan tai esittelem\u00e4\u00e4n yrityst\u00e4\u00e4n\/hankettaan tapahtumaan. Tapahtumassa saa myyd\u00e4 ainoastaan kotimaista lampaanvillaa ja -nahkaa\/-taljoja sek\u00e4 niist\u00e4 valmistettuja tuotteita.<br \/>\nMyyntipaikat ovat ilmaisia SLY:n ja\/tai Uudenmaan Lampureiden j\u00e4senille. Myyntipaikan hinta myyj\u00e4lle, joka ei ole kummankaan yhdistyksen j\u00e4sen, on 60 euroa.<br \/>\nIlmoittautumiset ja tiedustelut s\u00e4hk\u00f6postitse <a href=\"mailto:villaviikko@gmail.com\">villaviikko@gmail.com<\/a> tai puhelimitse 040 738 1371\/Mikko Idlax.<br \/>\nTapahtuman FB-sivu l\u00f6ytyy: <a href=\"https:\/\/www.facebook.com\/events\/603205777911326\">https:\/\/www.facebook.com\/events\/603205777911326<\/a>. Tapahtuman tietoihin p\u00e4ivitet\u00e4\u00e4n mukaan kaikki osallistujat sit\u00e4 mukaa, kun ne varmistuvat. Tapahtumaa mainostetaan somessa, medialle l\u00e4hetett\u00e4v\u00e4ss\u00e4 tiedotteessa sek\u00e4 erilaisilla tapahtumasivustoilla.<br \/>\nKansallisen Villaviikon (25.9.-2.10.) ideana on, ett\u00e4 paikalliset toimijat j\u00e4rjest\u00e4v\u00e4t erilaisia villa-aiheisia tapahtumia ja tempauksia eri puolilla Suomea. Eli jos ette p\u00e4\u00e4se\/halua mukaan Helsingin Villap\u00e4iv\u00e4\u00e4n, voitte j\u00e4rjest\u00e4\u00e4 jonkun infotempauksen tai esim. avoimet ovet omalla toimipisteell\u00e4nne.<br \/>\nJos haluatte omat tapahtumanne SLY:n kalenteriin ja Villaviikot-sivulle <a href=\"https:\/\/lammasyhdistys.fi\/villaviikot-25-9-2-10-2022\/\">https:\/\/lammasyhdistys.fi\/villaviikot-25-9-2-10-2022\/<\/a>, ottakaa yhteytt\u00e4 Eila Pennaseen:\u00a0<a href=\"mailto:eila.pennanen@lammasyhdistys.fi\">eila.pennanen@lammasyhdistys.fi<\/a><br \/>\nIlmoittakaa my\u00f6s, jos teette tapahtumallenne FB-sivun, niin jaamme sit\u00e4 my\u00f6s SLY:n somekanavissa.<br \/>\nAurinkoisin terveisin<br \/>\nMarjo<br \/>\n_____________________________<br \/>\nMarjo Simpanen<br \/>\nToiminnanjohtaja<br \/>\nSuomen Lammasyhdistys ry<br \/>\nAhmoontie 26, 03400 Vihti<br \/>\n044 973 7000<br \/>\n<a href=\"mailto:marjo.simpanen@lammasyhdistys.fi\">marjo.simpanen@lammasyhdistys.fi<\/a><\/p>\n","protected":false},"excerpt":{"rendered":"<p>Suomen Lammasyhdistys ry ja Uudenmaan Lampurit ry j\u00e4rjest\u00e4v\u00e4t j\u00e4lleen Villaviikon  [&#8230;]<\/p>\n","protected":false},"author":7,"featured_media":18605,"comment_status":"closed","ping_status":"closed","sticky":false,"template":"","format":"standard","meta":{"footnotes":""},"categories":[30],"tags":[],"class_list":["post-19108","post","type-post","status-publish","format-standard","has-post-thumbnail","hentry","category-uncategorized"],"_links":{"self":[{"href":"https:\/\/lammasyhdistys.fi\/en\/wp-json\/wp\/v2\/posts\/19108","targetHints":{"allow":["GET"]}}],"collection":[{"href":"https:\/\/lammasyhdistys.fi\/en\/wp-json\/wp\/v2\/posts"}],"about":[{"href":"https:\/\/lammasyhdistys.fi\/en\/wp-json\/wp\/v2\/types\/post"}],"author":[{"embeddable":true,"href":"https:\/\/lammasyhdistys.fi\/en\/wp-json\/wp\/v2\/users\/7"}],"replies":[{"embeddable":true,"href":"https:\/\/lammasyhdistys.fi\/en\/wp-json\/wp\/v2\/comments?post=19108"}],"version-history":[{"count":1,"href":"https:\/\/lammasyhdistys.fi\/en\/wp-json\/wp\/v2\/posts\/19108\/revisions"}],"predecessor-version":[{"id":19111,"href":"https:\/\/lammasyhdistys.fi\/en\/wp-json\/wp\/v2\/posts\/19108\/revisions\/19111"}],"wp:featuredmedia":[{"embeddable":true,"href":"https:\/\/lammasyhdistys.fi\/en\/wp-json\/wp\/v2\/media\/18605"}],"wp:attachment":[{"href":"https:\/\/lammasyhdistys.fi\/en\/wp-json\/wp\/v2\/media?parent=19108"}],"wp:term":[{"taxonomy":"category","embeddable":true,"href":"https:\/\/lammasyhdistys.fi\/en\/wp-json\/wp\/v2\/categories?post=19108"},{"taxonomy":"post_tag","embeddable":true,"href":"https:\/\/lammasyhdistys.fi\/en\/wp-json\/wp\/v2\/tags?post=19108"}],"curies":[{"name":"wp","href":"https:\/\/api.w.org\/{rel}","templated":true}]}}